{"id":1894,"date":"2020-11-06T14:24:37","date_gmt":"2020-11-06T13:24:37","guid":{"rendered":"https:\/\/balance-management.info\/burnout-praevention\/?p=1894"},"modified":"2020-11-06T14:24:38","modified_gmt":"2020-11-06T13:24:38","slug":"angst-und-panik","status":"publish","type":"post","link":"https:\/\/balance-management.info\/burnout-praevention\/angst-und-panik\/","title":{"rendered":"Angst und Panik &#8211; stabil auch in Corona-Zeiten"},"content":{"rendered":"\n[et_pb_section fb_built=&#8220;1&#8243; _builder_version=&#8220;4.2.2&#8243;][et_pb_row _builder_version=&#8220;4.2.2&#8243;][et_pb_column _builder_version=&#8220;4.2.2&#8243; type=&#8220;4_4&#8243;][et_pb_image src=&#8220;https:\/\/balance-management.info\/burnout-praevention\/wp-content\/uploads\/2020\/11\/fear-299679_1280.jpg&#8220; _builder_version=&#8220;4.2.2&#8243; hover_enabled=&#8220;0&#8243;][\/et_pb_image][\/et_pb_column][\/et_pb_row][et_pb_row _builder_version=&#8220;4.2.2&#8243;][et_pb_column _builder_version=&#8220;4.2.2&#8243; type=&#8220;4_4&#8243;][et_pb_text _builder_version=&#8220;4.2.2&#8243; hover_enabled=&#8220;0&#8243;]<p style=\"text-align: justify;\">Ohne Angst k\u00f6nnten wir nicht \u00fcberleben, denn sie ist unsere Alarmanlage, die uns vor Gefahren sch\u00fctzen soll. Eine Art gedanklicher Vorwegnahme bedrohlicher Szenarien mit der Bewertung: das wird schlimm enden! Mobilisiert sie ein angemessenes Bew\u00e4ltigungsverhalten, hat sie ihren Dienst erf\u00fcllt. Dann tritt auch wieder Beruhigung ein. Mobilisiert sie aber Hilflosigkeitsgef\u00fchle, wird sie zum Dauerstress mit Verspannungen, Schwei\u00dfausbr\u00fcchen, Kopf- oder Bauchschmerzen, Schwindel, \u00dcbelkeit, Herzrasen, Schlaflosigkeit und Konzentrationsschwierigkeiten. Dann kann die sinnvolle Angst schnell in eine Angstst\u00f6rung umkippen, in der wir nicht mehr unsere Angst beherrschen, sondern die Angst uns beherrscht.<\/p>\n<p style=\"text-align: justify;\">Das erleben zurzeit immer mehr Menschen, auch solche, die sich bislang jedem Stress gewachsen f\u00fchlten. Denn seit Beginn der Corona-Pandemie erleben wir eine beispiellose offizielle und mediale Angstmache. Das \u201eNarrativ vom Killervirus\u201c (Clemens Arvay) besagt, dass wir es mit einem au\u00dfergew\u00f6hnlichen und extrem gef\u00e4hrlichen Virus zu tun h\u00e4tten, gegen das nur strikte Hygiene- und Abstandsma\u00dfnahmen helfen. Ich kenne inzwischen Viele, die sich, um ihr Leben zu erhalten, vom Leben ausschlie\u00dfen durch freiwillige Quarant\u00e4ne bzw. erhebliche Einschr\u00e4nkung ihres Soziallebens.<\/p>\n<p style=\"text-align: justify;\">Die kollektive gedankliche Vorwegnahme bedrohlicher Szenarien (\u201eitalienische Verh\u00e4ltnisse\u201c, \u201ezweite\/dritte Welle\u201c, \u201em\u00f6glicher neuer Shut-\/Lockdown\u201c etc.) bei gleichzeitiger Abwertung kritischer Einw\u00e4nde, sorgt f\u00fcr eine Daueranspannung, bei der frei flottierende Angst vor einem unsichtbaren Feind kaum noch von berechtigter Sorge vor z.B. Arbeitsplatzverlust oder Einkommenslosigkeit bei Selbst\u00e4ndigen zu unterscheiden ist.<\/p>[\/et_pb_text][\/et_pb_column][\/et_pb_row][et_pb_row _builder_version=&#8220;4.2.2&#8243;][et_pb_column _builder_version=&#8220;4.2.2&#8243; type=&#8220;4_4&#8243;][et_pb_image src=&#8220;https:\/\/balance-management.info\/burnout-praevention\/wp-content\/uploads\/2020\/06\/Angstst\u00f6rungen.png&#8220; _builder_version=&#8220;4.2.2&#8243; hover_enabled=&#8220;0&#8243;][\/et_pb_image][\/et_pb_column][\/et_pb_row][et_pb_row _builder_version=&#8220;4.2.2&#8243;][et_pb_column _builder_version=&#8220;4.2.2&#8243; type=&#8220;4_4&#8243;][et_pb_text _builder_version=&#8220;4.2.2&#8243; hover_enabled=&#8220;0&#8243;]<p style=\"text-align: justify;\">Schauen Sie unter \u201e<strong>Generelle Angstst\u00f6rung<\/strong>\u201c nach, werden Sie genau diese Kennzeichen finden: allgemeines Bedrohungsgef\u00fchl, \u00fcbertriebene Besorgnis; Angst, man selbst oder ein naher Angeh\u00f6riger werde demn\u00e4chst erkranken oder sterben; st\u00e4ndiges Angespannt- und Auf-der-Hut-sein, Nervosit\u00e4t. Die \u00dcberg\u00e4nge von angebrachter Angst zur generellen Angstst\u00f6rung sind flie\u00dfend und erst einmal allenfalls an der Intensit\u00e4t und Dauer der Angst erkennbar. Aber eine pathologische Angst ist zu sch\u00fcren durch solchen t\u00e4glichen Beschuss mit Zahlen und st\u00e4ndigem Raunen von drohenden gesundheitlichen Sch\u00e4den und weiteren drastischen Ma\u00dfnahmen.<\/p>\n<p style=\"text-align: justify;\">Neben dieser ungerichteten Angst (sie kann sich an allem M\u00f6glichem festmachen und nimmt eine allgemeine Bedrohungslage an) steigen derzeit auch die <strong>gerichteten \u00c4ngste, sogenannte Phobien<\/strong>, die sich auf bestimmte Objekte (Spinnen, Hunde, Viren etc.) oder auf bestimmte Situationen richten (Enge, H\u00f6he, Menschenansammlungen, Pr\u00fcfungssituationen etc.). Auch hier sind die \u00dcberg\u00e4nge flie\u00dfend. Meide ich Gesellschaften und enge R\u00e4ume, weil ich es f\u00fcr eine sinnvolle Schutzma\u00dfnahme vor Corona halte, oder weil mir schon der Gedanke daran und die damit verbundene Ansteckungsgefahr Blutdruck und Herzschlag steigen l\u00e4sst und zu Schwei\u00dfausbr\u00fcchen f\u00fchrt?<\/p>\n<p style=\"text-align: justify;\">Angstst\u00f6rungen treten nicht von ungef\u00e4hr auf. Es gibt genetische Pr\u00e4dispositionen und lebensgeschichtliche Vorpr\u00e4gungen, die schlie\u00dflich durch so einen Trigger wie die Corona-Berichterstattung zum Ausbruch f\u00fchren. Das ist kein Anzeichen von Schw\u00e4che oder Versagen, sondern eine willentlich nicht steuerbare Entwicklung, zu der viele Variablen in Wechselwirkung beitragen. Die Symptomentwicklung bedeutet, dass die bisherigen Strategien, lebensgeschichtliche Zumutungen und aktuelle Herausforderungen zu bew\u00e4ltigen, an ihre Grenzen gekommen sind. F\u00fcr die aktuelle Herausforderung passen und reichen sie nicht mehr. Es m\u00fcssen deshalb neue Bew\u00e4ltigungsstrategien entwickelt werden.\u00a0\u00a0<\/p>[\/et_pb_text][\/et_pb_column][\/et_pb_row][et_pb_row _builder_version=&#8220;4.2.2&#8243;][et_pb_column _builder_version=&#8220;4.2.2&#8243; type=&#8220;4_4&#8243;][et_pb_image src=&#8220;https:\/\/balance-management.info\/burnout-praevention\/wp-content\/uploads\/2020\/11\/face-535769_1280.jpg&#8220; _builder_version=&#8220;4.2.2&#8243; hover_enabled=&#8220;0&#8243;][\/et_pb_image][\/et_pb_column][\/et_pb_row][et_pb_row _builder_version=&#8220;4.2.2&#8243;][et_pb_column _builder_version=&#8220;4.2.2&#8243; type=&#8220;4_4&#8243;][et_pb_text _builder_version=&#8220;4.2.2&#8243; hover_enabled=&#8220;0&#8243;]<p style=\"text-align: justify;\">Ein fachkundiges Gespr\u00e4ch kann da schon enorme Entlastung bedeuten und neue Perspektiven aufzeigen. H\u00e4tte ich doch schon fr\u00fcher mal das Gespr\u00e4ch gesucht, hei\u00dft es dann oft, nachdem lange in sich Gehaltenes endlich einmal ausgesprochen und in einen Kontakt gebracht wurde. Je nachdem ist dann eine Psychotherapie angesagt, um die Gewordenheit der eigenen Muster zu verstehen und durch alternative Muster zu erweitern. Das erfordert aber h\u00e4ufig einen l\u00e4ngeren Prozess. Oft geht es aber statt der aufdeckenden (tiefenpsychologischen) Verfahren um l\u00f6sungsorientierte oder st\u00fctzende Verfahren. Neben klassischen Verfahren wie Verhaltenstherapie, Hypnose oder Life-Coaching gibt es inzwischen auch eine Reihe alternativer Verfahren wie z.B. EFT oder MET, bei der w\u00e4hrend des therapeutischen Gespr\u00e4ches immer wieder bestimmte Akupunkturpunkte beklopft werden. Ich selbst habe schon h\u00e4ufig mit einer Kombination aus Klopfen und Hypnose in 2-3 Sitzungen nachhaltig helfen k\u00f6nnen.<\/p>\n<p style=\"text-align: justify;\">Da sich die Angst im Kopf abspielt als Vorwegnahme m\u00f6glicher Katastrophenszenarien, sind auch Achtsamkeits- und Meditationstechniken hilfreich, die das Gedankenkarussell beruhigen und uns aus der sorgenvollen Besch\u00e4ftigung mit der Zukunft in die Gegenwart bringen. Indem Sie z.B. Ihre Achtsamkeit auf Sinneseindr\u00fccke richten (was sehen Sie gerade, was h\u00f6ren Sie, was riechen oder sp\u00fcren Sie?) oder bewusst auf Ihre Gedanken. Denn Sie k\u00f6nnen auch zum distanzierten Beobachter Ihrer eigenen Gedanken werden, indem Sie diese etikettieren: z.B. das ist ein Zukunftsgedanke, ein Vergangenheitsgedanke, eine Bewertung, ein Analysegedanke etc.<\/p>\n<p style=\"text-align: justify;\">Zun\u00e4chst ist es also einfach wichtig, sich zu sortieren, Anlass und Ausma\u00df der Angst zu verstehen und eine Methode zur baldigen Stabilisierung anzuwenden. Sollte das nicht ausreichen, kann dann entschieden werden, mit welcher Methode eine dauerhafte L\u00f6sung zu erreichen ist. Jedenfalls sollten Sie weder Corona noch den Zahlenverk\u00fcndern noch Ihren eigenen Gedanken die Macht geben, Sie dauerhaft in eine angstvolle Spannung zu versetzen.<\/p>[\/et_pb_text][\/et_pb_column][\/et_pb_row][et_pb_row _builder_version=&#8220;4.2.2&#8243;][et_pb_column _builder_version=&#8220;4.2.2&#8243; type=&#8220;4_4&#8243;][et_pb_text _builder_version=&#8220;4.2.2&#8243; hover_enabled=&#8220;0&#8243;]<p><strong>Wenn Sie sich mit \u00c4ngsten plagen, vereinbaren Sie gerne ein Informationstelefonat, um eine Behandlung abzukl\u00e4ren. Gerne helfen wir auch Ihnen!<\/strong><\/p>\n<p>&nbsp;<\/p>\n[\/et_pb_text][\/et_pb_column][\/et_pb_row][et_pb_row admin_label=&#8220;Row-Kontakt-GoogleMap&#8220; module_id=&#8220;kontaktformular&#8220; _builder_version=&#8220;3.25&#8243; background_size=&#8220;initial&#8220; background_position=&#8220;top_left&#8220; background_repeat=&#8220;repeat&#8220; custom_padding=&#8220;27px|0px|0px|0px&#8220; locked=&#8220;off&#8220;][et_pb_column type=&#8220;4_4&#8243; _builder_version=&#8220;3.25&#8243; custom_padding=&#8220;|||&#8220; custom_padding__hover=&#8220;|||&#8220;][et_pb_contact_form captcha=&#8220;off&#8220; email=&#8220;office@balance-management.info&#8220; custom_message=&#8220;Neue E-Mail von: %%email%%||et_pb_line_break_holder||Telefonnummer: %%phone%%||et_pb_line_break_holder||Die neue Nachricht lautet: %%message%%&#8220; success_message=&#8220;Nachricht erfolgreich gesendet.&#8220; submit_button_text=&#8220;Jetzt Nachricht senden&#8220; module_id=&#8220;et_pb_contact_form_0&#8243; _builder_version=&#8220;3.0.97&#8243; title_level=&#8220;h4&#8243; title_font=&#8220;Playfair Display||||||||&#8220; title_text_align=&#8220;left&#8220; title_font_size=&#8220;20px&#8220; title_line_height=&#8220;1.4em&#8220; form_field_font=&#8220;Raleway||||&#8220; custom_button=&#8220;on&#8220; button_text_color=&#8220;#ffffff&#8220; button_bg_color=&#8220;#0c7ed6&#8243; button_border_width=&#8220;0px&#8220; button_border_radius=&#8220;10px&#8220; button_font=&#8220;Playfair Display||||&#8220; button_icon=&#8220;%%238%%&#8220; button_icon_color=&#8220;#ffffff&#8220; button_icon_placement=&#8220;left&#8220; text_orientation=&#8220;left&#8220; title_font_size_last_edited=&#8220;off|desktop&#8220; button_border_color_hover=&#8220;rgba(0,0,0,0)&#8220;][et_pb_contact_field field_id=&#8220;Name&#8220; field_title=&#8220;Name&#8220; _builder_version=&#8220;3.16&#8243; use_border_color=&#8220;off&#8220; button_text_size__hover_enabled=&#8220;off&#8220; button_one_text_size__hover_enabled=&#8220;off&#8220; button_two_text_size__hover_enabled=&#8220;off&#8220; button_text_color__hover_enabled=&#8220;off&#8220; button_one_text_color__hover_enabled=&#8220;off&#8220; button_two_text_color__hover_enabled=&#8220;off&#8220; button_border_width__hover_enabled=&#8220;off&#8220; button_one_border_width__hover_enabled=&#8220;off&#8220; button_two_border_width__hover_enabled=&#8220;off&#8220; button_border_color__hover_enabled=&#8220;off&#8220; button_one_border_color__hover_enabled=&#8220;off&#8220; button_two_border_color__hover_enabled=&#8220;off&#8220; button_border_radius__hover_enabled=&#8220;off&#8220; button_one_border_radius__hover_enabled=&#8220;off&#8220; button_two_border_radius__hover_enabled=&#8220;off&#8220; button_letter_spacing__hover_enabled=&#8220;off&#8220; button_one_letter_spacing__hover_enabled=&#8220;off&#8220; button_two_letter_spacing__hover_enabled=&#8220;off&#8220; button_bg_color__hover_enabled=&#8220;off&#8220; button_one_bg_color__hover_enabled=&#8220;off&#8220; button_two_bg_color__hover_enabled=&#8220;off&#8220;][\/et_pb_contact_field][et_pb_contact_field field_id=&#8220;Email&#8220; field_title=&#8220;E-Mail-Adresse&#8220; field_type=&#8220;email&#8220; _builder_version=&#8220;3.16&#8243; button_text_size__hover_enabled=&#8220;off&#8220; button_one_text_size__hover_enabled=&#8220;off&#8220; button_two_text_size__hover_enabled=&#8220;off&#8220; button_text_color__hover_enabled=&#8220;off&#8220; button_one_text_color__hover_enabled=&#8220;off&#8220; button_two_text_color__hover_enabled=&#8220;off&#8220; button_border_width__hover_enabled=&#8220;off&#8220; button_one_border_width__hover_enabled=&#8220;off&#8220; button_two_border_width__hover_enabled=&#8220;off&#8220; button_border_color__hover_enabled=&#8220;off&#8220; button_one_border_color__hover_enabled=&#8220;off&#8220; button_two_border_color__hover_enabled=&#8220;off&#8220; button_border_radius__hover_enabled=&#8220;off&#8220; button_one_border_radius__hover_enabled=&#8220;off&#8220; button_two_border_radius__hover_enabled=&#8220;off&#8220; button_letter_spacing__hover_enabled=&#8220;off&#8220; button_one_letter_spacing__hover_enabled=&#8220;off&#8220; button_two_letter_spacing__hover_enabled=&#8220;off&#8220; button_bg_color__hover_enabled=&#8220;off&#8220; button_one_bg_color__hover_enabled=&#8220;off&#8220; button_two_bg_color__hover_enabled=&#8220;off&#8220;][\/et_pb_contact_field][et_pb_contact_field field_id=&#8220;Phone&#8220; field_title=&#8220;Telefonnummer (optional)&#8220; allowed_symbols=&#8220;numbers&#8220; required_mark=&#8220;off&#8220; _builder_version=&#8220;3.16&#8243; button_text_size__hover_enabled=&#8220;off&#8220; button_one_text_size__hover_enabled=&#8220;off&#8220; button_two_text_size__hover_enabled=&#8220;off&#8220; button_text_color__hover_enabled=&#8220;off&#8220; button_one_text_color__hover_enabled=&#8220;off&#8220; button_two_text_color__hover_enabled=&#8220;off&#8220; button_border_width__hover_enabled=&#8220;off&#8220; button_one_border_width__hover_enabled=&#8220;off&#8220; button_two_border_width__hover_enabled=&#8220;off&#8220; button_border_color__hover_enabled=&#8220;off&#8220; button_one_border_color__hover_enabled=&#8220;off&#8220; button_two_border_color__hover_enabled=&#8220;off&#8220; button_border_radius__hover_enabled=&#8220;off&#8220; button_one_border_radius__hover_enabled=&#8220;off&#8220; button_two_border_radius__hover_enabled=&#8220;off&#8220; button_letter_spacing__hover_enabled=&#8220;off&#8220; button_one_letter_spacing__hover_enabled=&#8220;off&#8220; button_two_letter_spacing__hover_enabled=&#8220;off&#8220; button_bg_color__hover_enabled=&#8220;off&#8220; button_one_bg_color__hover_enabled=&#8220;off&#8220; button_two_bg_color__hover_enabled=&#8220;off&#8220;][\/et_pb_contact_field][et_pb_contact_field field_id=&#8220;Message&#8220; field_title=&#8220;Nachricht&#8220; field_type=&#8220;text&#8220; fullwidth_field=&#8220;on&#8220; _builder_version=&#8220;3.16&#8243; button_text_size__hover_enabled=&#8220;off&#8220; button_one_text_size__hover_enabled=&#8220;off&#8220; button_two_text_size__hover_enabled=&#8220;off&#8220; button_text_color__hover_enabled=&#8220;off&#8220; button_one_text_color__hover_enabled=&#8220;off&#8220; button_two_text_color__hover_enabled=&#8220;off&#8220; button_border_width__hover_enabled=&#8220;off&#8220; button_one_border_width__hover_enabled=&#8220;off&#8220; button_two_border_width__hover_enabled=&#8220;off&#8220; button_border_color__hover_enabled=&#8220;off&#8220; button_one_border_color__hover_enabled=&#8220;off&#8220; button_two_border_color__hover_enabled=&#8220;off&#8220; button_border_radius__hover_enabled=&#8220;off&#8220; button_one_border_radius__hover_enabled=&#8220;off&#8220; button_two_border_radius__hover_enabled=&#8220;off&#8220; button_letter_spacing__hover_enabled=&#8220;off&#8220; button_one_letter_spacing__hover_enabled=&#8220;off&#8220; button_two_letter_spacing__hover_enabled=&#8220;off&#8220; button_bg_color__hover_enabled=&#8220;off&#8220; button_one_bg_color__hover_enabled=&#8220;off&#8220; button_two_bg_color__hover_enabled=&#8220;off&#8220;][\/et_pb_contact_field][et_pb_contact_field field_id=&#8220;Checkbox_Datenschutzhinweis&#8220; field_title=&#8220;Datenschutzhinweis&#8220; field_type=&#8220;checkbox&#8220; checkbox_options=&#8220;%91{%22value%22:%22Mit der Nutzung dieses Formulars erkl\u00e4ren Sie sich mit der Speicherung und Verarbeitung Ihrer Daten durch diese Website einverstanden.%22,%22checked%22:0,%22dragID%22:0}%93&#8243; fullwidth_field=&#8220;on&#8220; _builder_version=&#8220;3.16&#8243; button_text_size__hover_enabled=&#8220;off&#8220; button_one_text_size__hover_enabled=&#8220;off&#8220; button_two_text_size__hover_enabled=&#8220;off&#8220; button_text_color__hover_enabled=&#8220;off&#8220; button_one_text_color__hover_enabled=&#8220;off&#8220; button_two_text_color__hover_enabled=&#8220;off&#8220; button_border_width__hover_enabled=&#8220;off&#8220; button_one_border_width__hover_enabled=&#8220;off&#8220; button_two_border_width__hover_enabled=&#8220;off&#8220; button_border_color__hover_enabled=&#8220;off&#8220; button_one_border_color__hover_enabled=&#8220;off&#8220; button_two_border_color__hover_enabled=&#8220;off&#8220; button_border_radius__hover_enabled=&#8220;off&#8220; button_one_border_radius__hover_enabled=&#8220;off&#8220; button_two_border_radius__hover_enabled=&#8220;off&#8220; button_letter_spacing__hover_enabled=&#8220;off&#8220; button_one_letter_spacing__hover_enabled=&#8220;off&#8220; button_two_letter_spacing__hover_enabled=&#8220;off&#8220; button_bg_color__hover_enabled=&#8220;off&#8220; button_one_bg_color__hover_enabled=&#8220;off&#8220; button_two_bg_color__hover_enabled=&#8220;off&#8220;][\/et_pb_contact_field][\/et_pb_contact_form][et_pb_text _builder_version=&#8220;3.27.4&#8243; text_font=&#8220;Playfair Display||||||||&#8220; text_font_size=&#8220;22px&#8220; text_line_height=&#8220;1.4em&#8220;][\/et_pb_text][et_pb_text _builder_version=&#8220;3.27.4&#8243;][\/et_pb_text][\/et_pb_column][\/et_pb_row][\/et_pb_section]\n","protected":false},"excerpt":{"rendered":"<p>Ohne Angst k\u00f6nnten wir nicht \u00fcberleben, denn sie ist unsere Alarmanlage, die uns vor Gefahren sch\u00fctzen soll. Eine Art gedanklicher Vorwegnahme bedrohlicher Szenarien mit der Bewertung: das wird schlimm enden! Mobilisiert sie ein angemessenes Bew\u00e4ltigungsverhalten, hat sie ihren Dienst erf\u00fcllt. Dann tritt auch wieder Beruhigung ein. Mobilisiert sie aber Hilflosigkeitsgef\u00fchle, wird sie zum Dauerstress mit [&hellip;]<\/p>\n","protected":false},"author":1,"featured_media":1897,"comment_status":"open","ping_status":"open","sticky":false,"template":"","format":"standard","meta":{"_et_pb_use_builder":"on","_et_pb_old_content":"","_et_gb_content_width":"","_monsterinsights_skip_tracking":false,"_monsterinsights_sitenote_active":false,"_monsterinsights_sitenote_note":"","_monsterinsights_sitenote_category":0},"categories":[1],"tags":[44,37,41,38],"yoast_head":"<!-- This site is optimized with the Yoast SEO plugin v18.9 - https:\/\/yoast.com\/wordpress\/plugins\/seo\/ -->\n<title>Angst und Panik - stabil auch in Corona-Zeiten<\/title>\n<meta name=\"description\" content=\"Die Coronapandemie und die damit verbundene offizielle und mediale Angstmache verst\u00e4rken Angstst\u00f6rungen. Gewinnen Sie Ihre Stabilit\u00e4t zur\u00fcck!\" \/>\n<meta name=\"robots\" content=\"index, follow, max-snippet:-1, max-image-preview:large, max-video-preview:-1\" \/>\n<link rel=\"canonical\" href=\"https:\/\/balance-management.info\/burnout-praevention\/angst-und-panik\/\" \/>\n<meta property=\"og:locale\" content=\"de_DE\" \/>\n<meta property=\"og:type\" content=\"article\" \/>\n<meta property=\"og:title\" content=\"Angst und Panik - stabil auch in Corona-Zeiten\" \/>\n<meta property=\"og:description\" content=\"Die Coronapandemie und die damit verbundene offizielle und mediale Angstmache verst\u00e4rken Angstst\u00f6rungen. Gewinnen Sie Ihre Stabilit\u00e4t zur\u00fcck!\" \/>\n<meta property=\"og:url\" content=\"https:\/\/balance-management.info\/burnout-praevention\/angst-und-panik\/\" \/>\n<meta property=\"og:site_name\" content=\"Burnout Pr\u00e4vention\" \/>\n<meta property=\"article:published_time\" content=\"2020-11-06T13:24:37+00:00\" \/>\n<meta property=\"article:modified_time\" content=\"2020-11-06T13:24:38+00:00\" \/>\n<meta property=\"og:image\" content=\"https:\/\/balance-management.info\/burnout-praevention\/wp-content\/uploads\/2020\/11\/fear-299679_1280.jpg\" \/>\n\t<meta property=\"og:image:width\" content=\"1280\" \/>\n\t<meta property=\"og:image:height\" content=\"853\" \/>\n\t<meta property=\"og:image:type\" content=\"image\/jpeg\" \/>\n<meta name=\"twitter:card\" content=\"summary\" \/>\n<meta name=\"twitter:label1\" content=\"Verfasst von\" \/>\n\t<meta name=\"twitter:data1\" content=\"hfischedick\" \/>\n\t<meta name=\"twitter:label2\" content=\"Gesch\u00e4tzte Lesezeit\" \/>\n\t<meta name=\"twitter:data2\" content=\"11\u00a0Minuten\" \/>\n<script type=\"application\/ld+json\" class=\"yoast-schema-graph\">{\"@context\":\"https:\/\/schema.org\",\"@graph\":[{\"@type\":\"WebSite\",\"@id\":\"https:\/\/balance-management.info\/burnout-praevention\/#website\",\"url\":\"https:\/\/balance-management.info\/burnout-praevention\/\",\"name\":\"Burnout Pr\u00e4vention\",\"description\":\"Stress- und Burnoutpr\u00e4ventionsseminar &quot;Neue Kraft f\u00fcr High-Performer&quot;\",\"publisher\":{\"@id\":\"https:\/\/balance-management.info\/burnout-praevention\/#\/schema\/person\/67c4345402305f5d60c2ec365b6d3330\"},\"potentialAction\":[{\"@type\":\"SearchAction\",\"target\":{\"@type\":\"EntryPoint\",\"urlTemplate\":\"https:\/\/balance-management.info\/burnout-praevention\/?s={search_term_string}\"},\"query-input\":\"required name=search_term_string\"}],\"inLanguage\":\"de\"},{\"@type\":\"ImageObject\",\"inLanguage\":\"de\",\"@id\":\"https:\/\/balance-management.info\/burnout-praevention\/angst-und-panik\/#primaryimage\",\"url\":\"https:\/\/balance-management.info\/burnout-praevention\/wp-content\/uploads\/2020\/11\/fear-299679_1280.jpg\",\"contentUrl\":\"https:\/\/balance-management.info\/burnout-praevention\/wp-content\/uploads\/2020\/11\/fear-299679_1280.jpg\",\"width\":1280,\"height\":853,\"caption\":\"Angst\"},{\"@type\":\"WebPage\",\"@id\":\"https:\/\/balance-management.info\/burnout-praevention\/angst-und-panik\/#webpage\",\"url\":\"https:\/\/balance-management.info\/burnout-praevention\/angst-und-panik\/\",\"name\":\"Angst und Panik - stabil auch in Corona-Zeiten\",\"isPartOf\":{\"@id\":\"https:\/\/balance-management.info\/burnout-praevention\/#website\"},\"primaryImageOfPage\":{\"@id\":\"https:\/\/balance-management.info\/burnout-praevention\/angst-und-panik\/#primaryimage\"},\"datePublished\":\"2020-11-06T13:24:37+00:00\",\"dateModified\":\"2020-11-06T13:24:38+00:00\",\"description\":\"Die Coronapandemie und die damit verbundene offizielle und mediale Angstmache verst\u00e4rken Angstst\u00f6rungen. Gewinnen Sie Ihre Stabilit\u00e4t zur\u00fcck!\",\"breadcrumb\":{\"@id\":\"https:\/\/balance-management.info\/burnout-praevention\/angst-und-panik\/#breadcrumb\"},\"inLanguage\":\"de\",\"potentialAction\":[{\"@type\":\"ReadAction\",\"target\":[\"https:\/\/balance-management.info\/burnout-praevention\/angst-und-panik\/\"]}]},{\"@type\":\"BreadcrumbList\",\"@id\":\"https:\/\/balance-management.info\/burnout-praevention\/angst-und-panik\/#breadcrumb\",\"itemListElement\":[{\"@type\":\"ListItem\",\"position\":1,\"name\":\"Home\",\"item\":\"https:\/\/balance-management.info\/burnout-praevention\/\"},{\"@type\":\"ListItem\",\"position\":2,\"name\":\"Allgemein\",\"item\":\"https:\/\/balance-management.info\/burnout-praevention\/category\/allgemein\/\"},{\"@type\":\"ListItem\",\"position\":3,\"name\":\"Angst und Panik &#8211; stabil auch in Corona-Zeiten\"}]},{\"@type\":\"Article\",\"@id\":\"https:\/\/balance-management.info\/burnout-praevention\/angst-und-panik\/#article\",\"isPartOf\":{\"@id\":\"https:\/\/balance-management.info\/burnout-praevention\/angst-und-panik\/#webpage\"},\"author\":{\"@id\":\"https:\/\/balance-management.info\/burnout-praevention\/#\/schema\/person\/67c4345402305f5d60c2ec365b6d3330\"},\"headline\":\"Angst und Panik &#8211; stabil auch in Corona-Zeiten\",\"datePublished\":\"2020-11-06T13:24:37+00:00\",\"dateModified\":\"2020-11-06T13:24:38+00:00\",\"mainEntityOfPage\":{\"@id\":\"https:\/\/balance-management.info\/burnout-praevention\/angst-und-panik\/#webpage\"},\"wordCount\":2123,\"commentCount\":2,\"publisher\":{\"@id\":\"https:\/\/balance-management.info\/burnout-praevention\/#\/schema\/person\/67c4345402305f5d60c2ec365b6d3330\"},\"image\":{\"@id\":\"https:\/\/balance-management.info\/burnout-praevention\/angst-und-panik\/#primaryimage\"},\"thumbnailUrl\":\"https:\/\/balance-management.info\/burnout-praevention\/wp-content\/uploads\/2020\/11\/fear-299679_1280.jpg\",\"keywords\":[\"angst\",\"Angstst\u00f6rung\",\"Corona\",\"Panik\"],\"inLanguage\":\"de\",\"potentialAction\":[{\"@type\":\"CommentAction\",\"name\":\"Comment\",\"target\":[\"https:\/\/balance-management.info\/burnout-praevention\/angst-und-panik\/#respond\"]}]},{\"@type\":[\"Person\",\"Organization\"],\"@id\":\"https:\/\/balance-management.info\/burnout-praevention\/#\/schema\/person\/67c4345402305f5d60c2ec365b6d3330\",\"name\":\"hfischedick\",\"image\":{\"@type\":\"ImageObject\",\"inLanguage\":\"de\",\"@id\":\"https:\/\/balance-management.info\/burnout-praevention\/#\/schema\/person\/image\/\",\"url\":\"https:\/\/secure.gravatar.com\/avatar\/d6f7c277f483ab8c6ed4bfcb624dada6?s=96&d=mm&r=g\",\"contentUrl\":\"https:\/\/secure.gravatar.com\/avatar\/d6f7c277f483ab8c6ed4bfcb624dada6?s=96&d=mm&r=g\",\"caption\":\"hfischedick\"},\"logo\":{\"@id\":\"https:\/\/balance-management.info\/burnout-praevention\/#\/schema\/person\/image\/\"}}]}<\/script>\n<!-- \/ Yoast SEO plugin. -->","yoast_head_json":{"title":"Angst und Panik - stabil auch in Corona-Zeiten","description":"Die Coronapandemie und die damit verbundene offizielle und mediale Angstmache verst\u00e4rken Angstst\u00f6rungen. Gewinnen Sie Ihre Stabilit\u00e4t zur\u00fcck!","robots":{"index":"index","follow":"follow","max-snippet":"max-snippet:-1","max-image-preview":"max-image-preview:large","max-video-preview":"max-video-preview:-1"},"canonical":"https:\/\/balance-management.info\/burnout-praevention\/angst-und-panik\/","og_locale":"de_DE","og_type":"article","og_title":"Angst und Panik - stabil auch in Corona-Zeiten","og_description":"Die Coronapandemie und die damit verbundene offizielle und mediale Angstmache verst\u00e4rken Angstst\u00f6rungen. Gewinnen Sie Ihre Stabilit\u00e4t zur\u00fcck!","og_url":"https:\/\/balance-management.info\/burnout-praevention\/angst-und-panik\/","og_site_name":"Burnout Pr\u00e4vention","article_published_time":"2020-11-06T13:24:37+00:00","article_modified_time":"2020-11-06T13:24:38+00:00","og_image":[{"width":1280,"height":853,"url":"https:\/\/balance-management.info\/burnout-praevention\/wp-content\/uploads\/2020\/11\/fear-299679_1280.jpg","type":"image\/jpeg"}],"twitter_card":"summary","twitter_misc":{"Verfasst von":"hfischedick","Gesch\u00e4tzte Lesezeit":"11\u00a0Minuten"},"schema":{"@context":"https:\/\/schema.org","@graph":[{"@type":"WebSite","@id":"https:\/\/balance-management.info\/burnout-praevention\/#website","url":"https:\/\/balance-management.info\/burnout-praevention\/","name":"Burnout Pr\u00e4vention","description":"Stress- und Burnoutpr\u00e4ventionsseminar &quot;Neue Kraft f\u00fcr High-Performer&quot;","publisher":{"@id":"https:\/\/balance-management.info\/burnout-praevention\/#\/schema\/person\/67c4345402305f5d60c2ec365b6d3330"},"potentialAction":[{"@type":"SearchAction","target":{"@type":"EntryPoint","urlTemplate":"https:\/\/balance-management.info\/burnout-praevention\/?s={search_term_string}"},"query-input":"required name=search_term_string"}],"inLanguage":"de"},{"@type":"ImageObject","inLanguage":"de","@id":"https:\/\/balance-management.info\/burnout-praevention\/angst-und-panik\/#primaryimage","url":"https:\/\/balance-management.info\/burnout-praevention\/wp-content\/uploads\/2020\/11\/fear-299679_1280.jpg","contentUrl":"https:\/\/balance-management.info\/burnout-praevention\/wp-content\/uploads\/2020\/11\/fear-299679_1280.jpg","width":1280,"height":853,"caption":"Angst"},{"@type":"WebPage","@id":"https:\/\/balance-management.info\/burnout-praevention\/angst-und-panik\/#webpage","url":"https:\/\/balance-management.info\/burnout-praevention\/angst-und-panik\/","name":"Angst und Panik - stabil auch in Corona-Zeiten","isPartOf":{"@id":"https:\/\/balance-management.info\/burnout-praevention\/#website"},"primaryImageOfPage":{"@id":"https:\/\/balance-management.info\/burnout-praevention\/angst-und-panik\/#primaryimage"},"datePublished":"2020-11-06T13:24:37+00:00","dateModified":"2020-11-06T13:24:38+00:00","description":"Die Coronapandemie und die damit verbundene offizielle und mediale Angstmache verst\u00e4rken Angstst\u00f6rungen. Gewinnen Sie Ihre Stabilit\u00e4t zur\u00fcck!","breadcrumb":{"@id":"https:\/\/balance-management.info\/burnout-praevention\/angst-und-panik\/#breadcrumb"},"inLanguage":"de","potentialAction":[{"@type":"ReadAction","target":["https:\/\/balance-management.info\/burnout-praevention\/angst-und-panik\/"]}]},{"@type":"BreadcrumbList","@id":"https:\/\/balance-management.info\/burnout-praevention\/angst-und-panik\/#breadcrumb","itemListElement":[{"@type":"ListItem","position":1,"name":"Home","item":"https:\/\/balance-management.info\/burnout-praevention\/"},{"@type":"ListItem","position":2,"name":"Allgemein","item":"https:\/\/balance-management.info\/burnout-praevention\/category\/allgemein\/"},{"@type":"ListItem","position":3,"name":"Angst und Panik &#8211; stabil auch in Corona-Zeiten"}]},{"@type":"Article","@id":"https:\/\/balance-management.info\/burnout-praevention\/angst-und-panik\/#article","isPartOf":{"@id":"https:\/\/balance-management.info\/burnout-praevention\/angst-und-panik\/#webpage"},"author":{"@id":"https:\/\/balance-management.info\/burnout-praevention\/#\/schema\/person\/67c4345402305f5d60c2ec365b6d3330"},"headline":"Angst und Panik &#8211; stabil auch in Corona-Zeiten","datePublished":"2020-11-06T13:24:37+00:00","dateModified":"2020-11-06T13:24:38+00:00","mainEntityOfPage":{"@id":"https:\/\/balance-management.info\/burnout-praevention\/angst-und-panik\/#webpage"},"wordCount":2123,"commentCount":2,"publisher":{"@id":"https:\/\/balance-management.info\/burnout-praevention\/#\/schema\/person\/67c4345402305f5d60c2ec365b6d3330"},"image":{"@id":"https:\/\/balance-management.info\/burnout-praevention\/angst-und-panik\/#primaryimage"},"thumbnailUrl":"https:\/\/balance-management.info\/burnout-praevention\/wp-content\/uploads\/2020\/11\/fear-299679_1280.jpg","keywords":["angst","Angstst\u00f6rung","Corona","Panik"],"inLanguage":"de","potentialAction":[{"@type":"CommentAction","name":"Comment","target":["https:\/\/balance-management.info\/burnout-praevention\/angst-und-panik\/#respond"]}]},{"@type":["Person","Organization"],"@id":"https:\/\/balance-management.info\/burnout-praevention\/#\/schema\/person\/67c4345402305f5d60c2ec365b6d3330","name":"hfischedick","image":{"@type":"ImageObject","inLanguage":"de","@id":"https:\/\/balance-management.info\/burnout-praevention\/#\/schema\/person\/image\/","url":"https:\/\/secure.gravatar.com\/avatar\/d6f7c277f483ab8c6ed4bfcb624dada6?s=96&d=mm&r=g","contentUrl":"https:\/\/secure.gravatar.com\/avatar\/d6f7c277f483ab8c6ed4bfcb624dada6?s=96&d=mm&r=g","caption":"hfischedick"},"logo":{"@id":"https:\/\/balance-management.info\/burnout-praevention\/#\/schema\/person\/image\/"}}]}},"_links":{"self":[{"href":"https:\/\/balance-management.info\/burnout-praevention\/wp-json\/wp\/v2\/posts\/1894"}],"collection":[{"href":"https:\/\/balance-management.info\/burnout-praevention\/wp-json\/wp\/v2\/posts"}],"about":[{"href":"https:\/\/balance-management.info\/burnout-praevention\/wp-json\/wp\/v2\/types\/post"}],"author":[{"embeddable":true,"href":"https:\/\/balance-management.info\/burnout-praevention\/wp-json\/wp\/v2\/users\/1"}],"replies":[{"embeddable":true,"href":"https:\/\/balance-management.info\/burnout-praevention\/wp-json\/wp\/v2\/comments?post=1894"}],"version-history":[{"count":4,"href":"https:\/\/balance-management.info\/burnout-praevention\/wp-json\/wp\/v2\/posts\/1894\/revisions"}],"predecessor-version":[{"id":1902,"href":"https:\/\/balance-management.info\/burnout-praevention\/wp-json\/wp\/v2\/posts\/1894\/revisions\/1902"}],"wp:featuredmedia":[{"embeddable":true,"href":"https:\/\/balance-management.info\/burnout-praevention\/wp-json\/wp\/v2\/media\/1897"}],"wp:attachment":[{"href":"https:\/\/balance-management.info\/burnout-praevention\/wp-json\/wp\/v2\/media?parent=1894"}],"wp:term":[{"taxonomy":"category","embeddable":true,"href":"https:\/\/balance-management.info\/burnout-praevention\/wp-json\/wp\/v2\/categories?post=1894"},{"taxonomy":"post_tag","embeddable":true,"href":"https:\/\/balance-management.info\/burnout-praevention\/wp-json\/wp\/v2\/tags?post=1894"}],"curies":[{"name":"wp","href":"https:\/\/api.w.org\/{rel}","templated":true}]}}